{"id":9667,"date":"2026-04-20T11:24:04","date_gmt":"2026-04-20T11:24:04","guid":{"rendered":"https:\/\/estiu.eixestels.com\/madre-no-quiero-ir-de-colonias-y-ahora-que\/"},"modified":"2026-04-20T11:31:46","modified_gmt":"2026-04-20T11:31:46","slug":"madre-no-quiero-ir-de-colonias-y-ahora-que","status":"publish","type":"post","link":"https:\/\/estiu.eixestels.com\/es\/madre-no-quiero-ir-de-colonias-y-ahora-que\/","title":{"rendered":"Madre, no quiero ir de colonias. \u00bfY ahora qu\u00e9?"},"content":{"rendered":"\t\t<div data-elementor-type=\"wp-post\" data-elementor-id=\"9667\" class=\"elementor elementor-9667 elementor-9664\" data-elementor-post-type=\"post\">\n\t\t\t\t<div class=\"elementor-element elementor-element-3bfb85a e-flex e-con-boxed e-con e-parent\" data-id=\"3bfb85a\" data-element_type=\"container\" data-e-type=\"container\">\n\t\t\t\t\t<div class=\"e-con-inner\">\n\t\t\t\t<div class=\"elementor-element elementor-element-6a16591 elementor-widget elementor-widget-text-editor\" data-id=\"6a16591\" data-element_type=\"widget\" data-e-type=\"widget\" data-widget_type=\"text-editor.default\">\n\t\t\t\t\t\t\t\t\t<p data-path-to-node=\"3\">Las colonias son una opci\u00f3n que aporta m\u00faltiples beneficios, por lo que muchas familias se decantan por esta alternativa. De idiomas, art\u00edsticas, deportivas\u2026 Sin duda alguna, hay infinidad de propuestas para <b data-path-to-node=\"3\" data-index-in-node=\"210\">encontrar<\/b> las que mejor se adecuen a los gustos de los ni\u00f1os y ni\u00f1as. <\/p><p data-path-to-node=\"4\">Pero\u2026 \u00bfqu\u00e9 ocurre si esta decisi\u00f3n no es bien acogida por el ni\u00f1o de la casa? \u00bfC\u00f3mo afrontar que no quiera ir de colonias? Te planteamos varios consejos y formas de conducta para intentar reconducir esta situaci\u00f3n:  <\/p><h3 data-path-to-node=\"5\">Primer paso: Averiguar el porqu\u00e9 de la negativa<\/h3><p data-path-to-node=\"6\">Aunque parezca algo obvio, <span class=\"citation-1475 citation-1476 citation-end-1476\">descubrir cu\u00e1l es el motivo por el que no quiere ir de colonias es un buen punto de partida. \u00bfTiene alg\u00fan peque\u00f1o trauma de alguna experiencia similar anterior? \u00bfNo quiere separarse de su familia? \u00bfLe da miedo salir de su zona de confort y tener que<\/span> <span class=\"citation-1475 citation-end-1475\">enfrentarse al equipo de monitores,<\/span> a nuevos compa\u00f1eros ya un espacio desconocido?<\/p><div class=\"source-inline-chip-container ng-star-inserted\"> <\/div><h3 data-path-to-node=\"7\">Segundo paso: \u00bfY si hacemos una experiencia en familia?<\/h3><p data-path-to-node=\"8\">Vamos paso a paso. Se puede plantear una escapada de un fin de semana para disfrutar de <span class=\"citation-1474\">unas<\/span> <b data-path-to-node=\"8\" data-index-in-node=\"84\"><span class=\"citation-1474\">\u00abcolonias familiares\u00bb<\/span><\/b> <span class=\"citation-1474 citation-end-1474\">. De esta forma, los ni\u00f1os ver\u00e1n todas las actividades divertidas que se pueden realizar. Al estar con su familia, todo es m\u00e1s c\u00f3modo y amable, y servir\u00e1 para que se den cuenta de toda la diversi\u00f3n que hay detr\u00e1s de las colonias.<\/span> <\/p><div class=\"source-inline-chip-container ng-star-inserted\"> <\/div><h3 data-path-to-node=\"9\">Tercer paso: Hablar, hablar y hablar<\/h3><p data-path-to-node=\"10\">El miedo a la infancia es un tema recurrente y los temores van cambiando en las diferentes etapas. Si entre los cuatro y los seis a\u00f1os es com\u00fan que se obsesionen con cosas irreales, a partir de los siete nos encontramos con miedos hacia los peligros de la vida real. El temor a no encajar en un grupo de amigos, la muerte, alg\u00fan suceso que escuchan en la tele\u2026 Todo puede alimentar un <b data-path-to-node=\"10\" data-index-in-node=\"355\">clima<\/b> que se convierta en esa negativa hacia las colonias.  <\/p><p data-path-to-node=\"11\">La comunicaci\u00f3n es muy importante para trasladarle todos los beneficios de una actividad de este tipo. Algunas opciones pueden ser: <\/p><ul data-path-to-node=\"12\"><li><p data-path-to-node=\"12,0,0\"><span class=\"citation-1473 citation-end-1473\">Pedir a alguien cercano y de confianza que le explique su experiencia positiva en colonias.<\/span><\/p><div class=\"source-inline-chip-container ng-star-inserted\"> <\/div><\/li><li><p data-path-to-node=\"12,1,0\"><span class=\"citation-1472 citation-end-1472\">Ense\u00f1arle v\u00eddeos y fotos de ni\u00f1os y ni\u00f1as divirti\u00e9ndose.<\/span><\/p><div class=\"source-inline-chip-container ng-star-inserted\"> <\/div><\/li><li><p data-path-to-node=\"12,2,0\"><span class=\"citation-1471 citation-end-1471\">Explicarle las actividades y todas las<\/span> opciones estimulantes que encontrar\u00e1.<\/p><div class=\"source-inline-chip-container ng-star-inserted\"> <\/div><\/li><li><p data-path-to-node=\"12,3,0\">Explicar c\u00f3mo podr\u00e1 crecer como persona al ganar autonom\u00eda, independencia y superaci\u00f3n de retos.<\/p><\/li><\/ul><h3 data-path-to-node=\"13\">Cuarto paso: Hacerle part\u00edcipe de la decisi\u00f3n<\/h3><p data-path-to-node=\"14\"><span class=\"citation-1469 citation-1470 citation-end-1470\">Seguro que se sentir\u00e1 mucho m\u00e1s c\u00f3modo si forma parte del proceso de decisi\u00f3n. Si los ni\u00f1os y ni\u00f1as ven que no es una decisi\u00f3n unilateral impuesta a la fuerza, sino que pueden formar parte de la elecci\u00f3n, les dar\u00e1 confianza<\/span> <span class=\"citation-1469 citation-end-1469\">y seguridad.<\/span><\/p><div class=\"source-inline-chip-container ng-star-inserted\"> <\/div><p data-path-to-node=\"15\"><span class=\"citation-1468 citation-end-1468\">Explicarles todas las opciones y charlar para<\/span> ver con qu\u00e9 tem\u00e1tica de colonias se sienten m\u00e1s c\u00f3modas, sin duda, ayudar\u00e1 a que vea esta alternativa como algo cercano y real.<\/p><div class=\"source-inline-chip-container ng-star-inserted\"> <\/div><p data-path-to-node=\"16\">Si es el primer a\u00f1o que le propones ir a unas colonias de verano y est\u00e1 justo entre los 6 y los 8 a\u00f1os, existen algunas propuestas especiales tipo <b data-path-to-node=\"16\" data-index-in-node=\"148\">\u201cmis primeras colonias\u201d<\/b> , como las <span class=\"citation-1466 citation-1467 citation-end-1467\">colonias multiactividades Mini que ya hace varios veranos que ofrece Eix Estels, una de las organizaciones referentes que cuenta con casas propias y que lleva m\u00e1s de 30 a\u00f1os<\/span> <span class=\"citation-1466 citation-end-1466\">.<\/span> familiares.<\/p><div class=\"source-inline-chip-container ng-star-inserted\"> <\/div>\t\t\t\t\t\t\t\t<\/div>\n\t\t\t\t\t<\/div>\n\t\t\t\t<\/div>\n\t\t\t\t<\/div>\n\t\t","protected":false},"excerpt":{"rendered":"<p>Las colonias son una opci\u00f3n que aporta m\u00faltiples beneficios, por lo que muchas familias se decantan por esta alternativa. De [&hellip;]<\/p>\n","protected":false},"author":1,"featured_media":9670,"comment_status":"closed","ping_status":"closed","sticky":false,"template":"","format":"standard","meta":{"_acf_changed":false,"site-sidebar-layout":"default","site-content-layout":"","ast-site-content-layout":"default","site-content-style":"default","site-sidebar-style":"default","ast-global-header-display":"","ast-banner-title-visibility":"","ast-main-header-display":"","ast-hfb-above-header-display":"","ast-hfb-below-header-display":"","ast-hfb-mobile-header-display":"","site-post-title":"","ast-breadcrumbs-content":"","ast-featured-img":"","footer-sml-layout":"","ast-disable-related-posts":"","theme-transparent-header-meta":"","adv-header-id-meta":"","stick-header-meta":"","header-above-stick-meta":"","header-main-stick-meta":"","header-below-stick-meta":"","astra-migrate-meta-layouts":"default","ast-page-background-enabled":"default","ast-page-background-meta":{"desktop":{"background-color":"var(--ast-global-color-5)","background-image":"","background-repeat":"repeat","background-position":"center center","background-size":"auto","background-attachment":"scroll","background-type":"","background-media":"","overlay-type":"","overlay-color":"","overlay-opacity":"","overlay-gradient":""},"tablet":{"background-color":"","background-image":"","background-repeat":"repeat","background-position":"center center","background-size":"auto","background-attachment":"scroll","background-type":"","background-media":"","overlay-type":"","overlay-color":"","overlay-opacity":"","overlay-gradient":""},"mobile":{"background-color":"","background-image":"","background-repeat":"repeat","background-position":"center center","background-size":"auto","background-attachment":"scroll","background-type":"","background-media":"","overlay-type":"","overlay-color":"","overlay-opacity":"","overlay-gradient":""}},"ast-content-background-meta":{"desktop":{"background-color":"var(--ast-global-color-4)","background-image":"","background-repeat":"repeat","background-position":"center center","background-size":"auto","background-attachment":"scroll","background-type":"","background-media":"","overlay-type":"","overlay-color":"","overlay-opacity":"","overlay-gradient":""},"tablet":{"background-color":"var(--ast-global-color-4)","background-image":"","background-repeat":"repeat","background-position":"center center","background-size":"auto","background-attachment":"scroll","background-type":"","background-media":"","overlay-type":"","overlay-color":"","overlay-opacity":"","overlay-gradient":""},"mobile":{"background-color":"var(--ast-global-color-4)","background-image":"","background-repeat":"repeat","background-position":"center center","background-size":"auto","background-attachment":"scroll","background-type":"","background-media":"","overlay-type":"","overlay-color":"","overlay-opacity":"","overlay-gradient":""}},"footnotes":""},"categories":[1],"tags":[],"class_list":["post-9667","post","type-post","status-publish","format-standard","has-post-thumbnail","hentry","category-sin-categoria"],"acf":[],"yoast_head":"<!-- This site is optimized with the Yoast SEO plugin v27.4 - https:\/\/yoast.com\/product\/yoast-seo-wordpress\/ -->\n<title>Madre, no quiero ir de colonias. \u00bfY ahora qu\u00e9? - Eix Estels<\/title>\n<meta name=\"robots\" content=\"index, follow, max-snippet:-1, max-image-preview:large, max-video-preview:-1\" \/>\n<link rel=\"canonical\" href=\"https:\/\/estiu.eixestels.com\/es\/madre-no-quiero-ir-de-colonias-y-ahora-que\/\" \/>\n<meta property=\"og:locale\" content=\"es_ES\" \/>\n<meta property=\"og:type\" content=\"article\" \/>\n<meta property=\"og:title\" content=\"Madre, no quiero ir de colonias. \u00bfY ahora qu\u00e9? - Eix Estels\" \/>\n<meta property=\"og:description\" content=\"Las colonias son una opci\u00f3n que aporta m\u00faltiples beneficios, por lo que muchas familias se decantan por esta alternativa. De [&hellip;]\" \/>\n<meta property=\"og:url\" content=\"https:\/\/estiu.eixestels.com\/es\/madre-no-quiero-ir-de-colonias-y-ahora-que\/\" \/>\n<meta property=\"og:site_name\" content=\"Eix Estels\" \/>\n<meta property=\"article:publisher\" content=\"https:\/\/www.facebook.com\/eix.estels\" \/>\n<meta property=\"article:published_time\" content=\"2026-04-20T11:24:04+00:00\" \/>\n<meta property=\"article:modified_time\" content=\"2026-04-20T11:31:46+00:00\" \/>\n<meta property=\"og:image\" content=\"https:\/\/estiu.eixestels.com\/wp-content\/uploads\/2026\/04\/No-Vull-Anar-de-Colonies.jpeg\" \/>\n\t<meta property=\"og:image:width\" content=\"1652\" \/>\n\t<meta property=\"og:image:height\" content=\"2000\" \/>\n\t<meta property=\"og:image:type\" content=\"image\/jpeg\" \/>\n<meta name=\"author\" content=\"admin\" \/>\n<meta name=\"twitter:card\" content=\"summary_large_image\" \/>\n<meta name=\"twitter:creator\" content=\"@eixestels\" \/>\n<meta name=\"twitter:site\" content=\"@eixestels\" \/>\n<meta name=\"twitter:label1\" content=\"Escrito por\" \/>\n\t<meta name=\"twitter:data1\" content=\"admin\" \/>\n\t<meta name=\"twitter:label2\" content=\"Tiempo de lectura\" \/>\n\t<meta name=\"twitter:data2\" content=\"3 minutos\" \/>\n<script type=\"application\/ld+json\" class=\"yoast-schema-graph\">{\"@context\":\"https:\\\/\\\/schema.org\",\"@graph\":[{\"@type\":\"Article\",\"@id\":\"https:\\\/\\\/estiu.eixestels.com\\\/es\\\/madre-no-quiero-ir-de-colonias-y-ahora-que\\\/#article\",\"isPartOf\":{\"@id\":\"https:\\\/\\\/estiu.eixestels.com\\\/es\\\/madre-no-quiero-ir-de-colonias-y-ahora-que\\\/\"},\"author\":{\"name\":\"admin\",\"@id\":\"https:\\\/\\\/estiu.eixestels.com\\\/es\\\/#\\\/schema\\\/person\\\/4dc15615a34393253d7a92fa07ee8adc\"},\"headline\":\"Madre, no quiero ir de colonias. \u00bfY ahora qu\u00e9?\",\"datePublished\":\"2026-04-20T11:24:04+00:00\",\"dateModified\":\"2026-04-20T11:31:46+00:00\",\"mainEntityOfPage\":{\"@id\":\"https:\\\/\\\/estiu.eixestels.com\\\/es\\\/madre-no-quiero-ir-de-colonias-y-ahora-que\\\/\"},\"wordCount\":577,\"publisher\":{\"@id\":\"https:\\\/\\\/estiu.eixestels.com\\\/es\\\/#organization\"},\"image\":{\"@id\":\"https:\\\/\\\/estiu.eixestels.com\\\/es\\\/madre-no-quiero-ir-de-colonias-y-ahora-que\\\/#primaryimage\"},\"thumbnailUrl\":\"https:\\\/\\\/estiu.eixestels.com\\\/wp-content\\\/uploads\\\/2026\\\/04\\\/No-Vull-Anar-de-Colonies.jpeg\",\"inLanguage\":\"es\"},{\"@type\":\"WebPage\",\"@id\":\"https:\\\/\\\/estiu.eixestels.com\\\/es\\\/madre-no-quiero-ir-de-colonias-y-ahora-que\\\/\",\"url\":\"https:\\\/\\\/estiu.eixestels.com\\\/es\\\/madre-no-quiero-ir-de-colonias-y-ahora-que\\\/\",\"name\":\"Madre, no quiero ir de colonias. \u00bfY ahora qu\u00e9? - Eix Estels\",\"isPartOf\":{\"@id\":\"https:\\\/\\\/estiu.eixestels.com\\\/es\\\/#website\"},\"primaryImageOfPage\":{\"@id\":\"https:\\\/\\\/estiu.eixestels.com\\\/es\\\/madre-no-quiero-ir-de-colonias-y-ahora-que\\\/#primaryimage\"},\"image\":{\"@id\":\"https:\\\/\\\/estiu.eixestels.com\\\/es\\\/madre-no-quiero-ir-de-colonias-y-ahora-que\\\/#primaryimage\"},\"thumbnailUrl\":\"https:\\\/\\\/estiu.eixestels.com\\\/wp-content\\\/uploads\\\/2026\\\/04\\\/No-Vull-Anar-de-Colonies.jpeg\",\"datePublished\":\"2026-04-20T11:24:04+00:00\",\"dateModified\":\"2026-04-20T11:31:46+00:00\",\"breadcrumb\":{\"@id\":\"https:\\\/\\\/estiu.eixestels.com\\\/es\\\/madre-no-quiero-ir-de-colonias-y-ahora-que\\\/#breadcrumb\"},\"inLanguage\":\"es\",\"potentialAction\":[{\"@type\":\"ReadAction\",\"target\":[\"https:\\\/\\\/estiu.eixestels.com\\\/es\\\/madre-no-quiero-ir-de-colonias-y-ahora-que\\\/\"]}]},{\"@type\":\"ImageObject\",\"inLanguage\":\"es\",\"@id\":\"https:\\\/\\\/estiu.eixestels.com\\\/es\\\/madre-no-quiero-ir-de-colonias-y-ahora-que\\\/#primaryimage\",\"url\":\"https:\\\/\\\/estiu.eixestels.com\\\/wp-content\\\/uploads\\\/2026\\\/04\\\/No-Vull-Anar-de-Colonies.jpeg\",\"contentUrl\":\"https:\\\/\\\/estiu.eixestels.com\\\/wp-content\\\/uploads\\\/2026\\\/04\\\/No-Vull-Anar-de-Colonies.jpeg\",\"width\":1652,\"height\":2000},{\"@type\":\"BreadcrumbList\",\"@id\":\"https:\\\/\\\/estiu.eixestels.com\\\/es\\\/madre-no-quiero-ir-de-colonias-y-ahora-que\\\/#breadcrumb\",\"itemListElement\":[{\"@type\":\"ListItem\",\"position\":1,\"name\":\"Inici\",\"item\":\"https:\\\/\\\/estiu.eixestels.com\\\/es\\\/\"},{\"@type\":\"ListItem\",\"position\":2,\"name\":\"Madre, no quiero ir de colonias. \u00bfY ahora qu\u00e9?\"}]},{\"@type\":\"WebSite\",\"@id\":\"https:\\\/\\\/estiu.eixestels.com\\\/es\\\/#website\",\"url\":\"https:\\\/\\\/estiu.eixestels.com\\\/es\\\/\",\"name\":\"Eix Estels\",\"description\":\"\",\"publisher\":{\"@id\":\"https:\\\/\\\/estiu.eixestels.com\\\/es\\\/#organization\"},\"potentialAction\":[{\"@type\":\"SearchAction\",\"target\":{\"@type\":\"EntryPoint\",\"urlTemplate\":\"https:\\\/\\\/estiu.eixestels.com\\\/es\\\/?s={search_term_string}\"},\"query-input\":{\"@type\":\"PropertyValueSpecification\",\"valueRequired\":true,\"valueName\":\"search_term_string\"}}],\"inLanguage\":\"es\"},{\"@type\":\"Organization\",\"@id\":\"https:\\\/\\\/estiu.eixestels.com\\\/es\\\/#organization\",\"name\":\"Eix Estels\",\"url\":\"https:\\\/\\\/estiu.eixestels.com\\\/es\\\/\",\"logo\":{\"@type\":\"ImageObject\",\"inLanguage\":\"es\",\"@id\":\"https:\\\/\\\/estiu.eixestels.com\\\/es\\\/#\\\/schema\\\/logo\\\/image\\\/\",\"url\":\"https:\\\/\\\/estiu.eixestels.com\\\/wp-content\\\/uploads\\\/2025\\\/10\\\/Ee-Eixestels.png\",\"contentUrl\":\"https:\\\/\\\/estiu.eixestels.com\\\/wp-content\\\/uploads\\\/2025\\\/10\\\/Ee-Eixestels.png\",\"width\":1000,\"height\":776,\"caption\":\"Eix Estels\"},\"image\":{\"@id\":\"https:\\\/\\\/estiu.eixestels.com\\\/es\\\/#\\\/schema\\\/logo\\\/image\\\/\"},\"sameAs\":[\"https:\\\/\\\/www.facebook.com\\\/eix.estels\",\"https:\\\/\\\/x.com\\\/eixestels\",\"https:\\\/\\\/www.youtube.com\\\/user\\\/EixEstels\",\"https:\\\/\\\/www.instagram.com\\\/eix_estels\\\/\",\"https:\\\/\\\/www.linkedin.com\\\/company\\\/eix-estels\\\/?originalSubdomain=es\"]},{\"@type\":\"Person\",\"@id\":\"https:\\\/\\\/estiu.eixestels.com\\\/es\\\/#\\\/schema\\\/person\\\/4dc15615a34393253d7a92fa07ee8adc\",\"name\":\"admin\",\"image\":{\"@type\":\"ImageObject\",\"inLanguage\":\"es\",\"@id\":\"https:\\\/\\\/secure.gravatar.com\\\/avatar\\\/3365c9737dfa6ee38b26d8e3c9b04ce4dec028e7ae9c284c5f9b21959140e95b?s=96&d=mm&r=g\",\"url\":\"https:\\\/\\\/secure.gravatar.com\\\/avatar\\\/3365c9737dfa6ee38b26d8e3c9b04ce4dec028e7ae9c284c5f9b21959140e95b?s=96&d=mm&r=g\",\"contentUrl\":\"https:\\\/\\\/secure.gravatar.com\\\/avatar\\\/3365c9737dfa6ee38b26d8e3c9b04ce4dec028e7ae9c284c5f9b21959140e95b?s=96&d=mm&r=g\",\"caption\":\"admin\"},\"sameAs\":[\"https:\\\/\\\/estiu.eixestels.com\"],\"url\":\"https:\\\/\\\/estiu.eixestels.com\\\/es\\\/author\\\/eixestels\\\/\"}]}<\/script>\n<!-- \/ Yoast SEO plugin. -->","yoast_head_json":{"title":"Madre, no quiero ir de colonias. \u00bfY ahora qu\u00e9? - Eix Estels","robots":{"index":"index","follow":"follow","max-snippet":"max-snippet:-1","max-image-preview":"max-image-preview:large","max-video-preview":"max-video-preview:-1"},"canonical":"https:\/\/estiu.eixestels.com\/es\/madre-no-quiero-ir-de-colonias-y-ahora-que\/","og_locale":"es_ES","og_type":"article","og_title":"Madre, no quiero ir de colonias. \u00bfY ahora qu\u00e9? - Eix Estels","og_description":"Las colonias son una opci\u00f3n que aporta m\u00faltiples beneficios, por lo que muchas familias se decantan por esta alternativa. De [&hellip;]","og_url":"https:\/\/estiu.eixestels.com\/es\/madre-no-quiero-ir-de-colonias-y-ahora-que\/","og_site_name":"Eix Estels","article_publisher":"https:\/\/www.facebook.com\/eix.estels","article_published_time":"2026-04-20T11:24:04+00:00","article_modified_time":"2026-04-20T11:31:46+00:00","og_image":[{"width":1652,"height":2000,"url":"https:\/\/estiu.eixestels.com\/wp-content\/uploads\/2026\/04\/No-Vull-Anar-de-Colonies.jpeg","type":"image\/jpeg"}],"author":"admin","twitter_card":"summary_large_image","twitter_creator":"@eixestels","twitter_site":"@eixestels","twitter_misc":{"Escrito por":"admin","Tiempo de lectura":"3 minutos"},"schema":{"@context":"https:\/\/schema.org","@graph":[{"@type":"Article","@id":"https:\/\/estiu.eixestels.com\/es\/madre-no-quiero-ir-de-colonias-y-ahora-que\/#article","isPartOf":{"@id":"https:\/\/estiu.eixestels.com\/es\/madre-no-quiero-ir-de-colonias-y-ahora-que\/"},"author":{"name":"admin","@id":"https:\/\/estiu.eixestels.com\/es\/#\/schema\/person\/4dc15615a34393253d7a92fa07ee8adc"},"headline":"Madre, no quiero ir de colonias. \u00bfY ahora qu\u00e9?","datePublished":"2026-04-20T11:24:04+00:00","dateModified":"2026-04-20T11:31:46+00:00","mainEntityOfPage":{"@id":"https:\/\/estiu.eixestels.com\/es\/madre-no-quiero-ir-de-colonias-y-ahora-que\/"},"wordCount":577,"publisher":{"@id":"https:\/\/estiu.eixestels.com\/es\/#organization"},"image":{"@id":"https:\/\/estiu.eixestels.com\/es\/madre-no-quiero-ir-de-colonias-y-ahora-que\/#primaryimage"},"thumbnailUrl":"https:\/\/estiu.eixestels.com\/wp-content\/uploads\/2026\/04\/No-Vull-Anar-de-Colonies.jpeg","inLanguage":"es"},{"@type":"WebPage","@id":"https:\/\/estiu.eixestels.com\/es\/madre-no-quiero-ir-de-colonias-y-ahora-que\/","url":"https:\/\/estiu.eixestels.com\/es\/madre-no-quiero-ir-de-colonias-y-ahora-que\/","name":"Madre, no quiero ir de colonias. \u00bfY ahora qu\u00e9? - Eix Estels","isPartOf":{"@id":"https:\/\/estiu.eixestels.com\/es\/#website"},"primaryImageOfPage":{"@id":"https:\/\/estiu.eixestels.com\/es\/madre-no-quiero-ir-de-colonias-y-ahora-que\/#primaryimage"},"image":{"@id":"https:\/\/estiu.eixestels.com\/es\/madre-no-quiero-ir-de-colonias-y-ahora-que\/#primaryimage"},"thumbnailUrl":"https:\/\/estiu.eixestels.com\/wp-content\/uploads\/2026\/04\/No-Vull-Anar-de-Colonies.jpeg","datePublished":"2026-04-20T11:24:04+00:00","dateModified":"2026-04-20T11:31:46+00:00","breadcrumb":{"@id":"https:\/\/estiu.eixestels.com\/es\/madre-no-quiero-ir-de-colonias-y-ahora-que\/#breadcrumb"},"inLanguage":"es","potentialAction":[{"@type":"ReadAction","target":["https:\/\/estiu.eixestels.com\/es\/madre-no-quiero-ir-de-colonias-y-ahora-que\/"]}]},{"@type":"ImageObject","inLanguage":"es","@id":"https:\/\/estiu.eixestels.com\/es\/madre-no-quiero-ir-de-colonias-y-ahora-que\/#primaryimage","url":"https:\/\/estiu.eixestels.com\/wp-content\/uploads\/2026\/04\/No-Vull-Anar-de-Colonies.jpeg","contentUrl":"https:\/\/estiu.eixestels.com\/wp-content\/uploads\/2026\/04\/No-Vull-Anar-de-Colonies.jpeg","width":1652,"height":2000},{"@type":"BreadcrumbList","@id":"https:\/\/estiu.eixestels.com\/es\/madre-no-quiero-ir-de-colonias-y-ahora-que\/#breadcrumb","itemListElement":[{"@type":"ListItem","position":1,"name":"Inici","item":"https:\/\/estiu.eixestels.com\/es\/"},{"@type":"ListItem","position":2,"name":"Madre, no quiero ir de colonias. \u00bfY ahora qu\u00e9?"}]},{"@type":"WebSite","@id":"https:\/\/estiu.eixestels.com\/es\/#website","url":"https:\/\/estiu.eixestels.com\/es\/","name":"Eix Estels","description":"","publisher":{"@id":"https:\/\/estiu.eixestels.com\/es\/#organization"},"potentialAction":[{"@type":"SearchAction","target":{"@type":"EntryPoint","urlTemplate":"https:\/\/estiu.eixestels.com\/es\/?s={search_term_string}"},"query-input":{"@type":"PropertyValueSpecification","valueRequired":true,"valueName":"search_term_string"}}],"inLanguage":"es"},{"@type":"Organization","@id":"https:\/\/estiu.eixestels.com\/es\/#organization","name":"Eix Estels","url":"https:\/\/estiu.eixestels.com\/es\/","logo":{"@type":"ImageObject","inLanguage":"es","@id":"https:\/\/estiu.eixestels.com\/es\/#\/schema\/logo\/image\/","url":"https:\/\/estiu.eixestels.com\/wp-content\/uploads\/2025\/10\/Ee-Eixestels.png","contentUrl":"https:\/\/estiu.eixestels.com\/wp-content\/uploads\/2025\/10\/Ee-Eixestels.png","width":1000,"height":776,"caption":"Eix Estels"},"image":{"@id":"https:\/\/estiu.eixestels.com\/es\/#\/schema\/logo\/image\/"},"sameAs":["https:\/\/www.facebook.com\/eix.estels","https:\/\/x.com\/eixestels","https:\/\/www.youtube.com\/user\/EixEstels","https:\/\/www.instagram.com\/eix_estels\/","https:\/\/www.linkedin.com\/company\/eix-estels\/?originalSubdomain=es"]},{"@type":"Person","@id":"https:\/\/estiu.eixestels.com\/es\/#\/schema\/person\/4dc15615a34393253d7a92fa07ee8adc","name":"admin","image":{"@type":"ImageObject","inLanguage":"es","@id":"https:\/\/secure.gravatar.com\/avatar\/3365c9737dfa6ee38b26d8e3c9b04ce4dec028e7ae9c284c5f9b21959140e95b?s=96&d=mm&r=g","url":"https:\/\/secure.gravatar.com\/avatar\/3365c9737dfa6ee38b26d8e3c9b04ce4dec028e7ae9c284c5f9b21959140e95b?s=96&d=mm&r=g","contentUrl":"https:\/\/secure.gravatar.com\/avatar\/3365c9737dfa6ee38b26d8e3c9b04ce4dec028e7ae9c284c5f9b21959140e95b?s=96&d=mm&r=g","caption":"admin"},"sameAs":["https:\/\/estiu.eixestels.com"],"url":"https:\/\/estiu.eixestels.com\/es\/author\/eixestels\/"}]}},"_links":{"self":[{"href":"https:\/\/estiu.eixestels.com\/es\/wp-json\/wp\/v2\/posts\/9667","targetHints":{"allow":["GET"]}}],"collection":[{"href":"https:\/\/estiu.eixestels.com\/es\/wp-json\/wp\/v2\/posts"}],"about":[{"href":"https:\/\/estiu.eixestels.com\/es\/wp-json\/wp\/v2\/types\/post"}],"author":[{"embeddable":true,"href":"https:\/\/estiu.eixestels.com\/es\/wp-json\/wp\/v2\/users\/1"}],"replies":[{"embeddable":true,"href":"https:\/\/estiu.eixestels.com\/es\/wp-json\/wp\/v2\/comments?post=9667"}],"version-history":[{"count":2,"href":"https:\/\/estiu.eixestels.com\/es\/wp-json\/wp\/v2\/posts\/9667\/revisions"}],"predecessor-version":[{"id":9676,"href":"https:\/\/estiu.eixestels.com\/es\/wp-json\/wp\/v2\/posts\/9667\/revisions\/9676"}],"wp:featuredmedia":[{"embeddable":true,"href":"https:\/\/estiu.eixestels.com\/es\/wp-json\/wp\/v2\/media\/9670"}],"wp:attachment":[{"href":"https:\/\/estiu.eixestels.com\/es\/wp-json\/wp\/v2\/media?parent=9667"}],"wp:term":[{"taxonomy":"category","embeddable":true,"href":"https:\/\/estiu.eixestels.com\/es\/wp-json\/wp\/v2\/categories?post=9667"},{"taxonomy":"post_tag","embeddable":true,"href":"https:\/\/estiu.eixestels.com\/es\/wp-json\/wp\/v2\/tags?post=9667"}],"curies":[{"name":"wp","href":"https:\/\/api.w.org\/{rel}","templated":true}]}}