{"id":9627,"date":"2026-04-20T10:48:49","date_gmt":"2026-04-20T10:48:49","guid":{"rendered":"https:\/\/estiu.eixestels.com\/educacion-y-aprendizaje-en-las-colonias\/"},"modified":"2026-04-20T10:51:47","modified_gmt":"2026-04-20T10:51:47","slug":"educacion-y-aprendizaje-en-las-colonias","status":"publish","type":"post","link":"https:\/\/estiu.eixestels.com\/es\/educacion-y-aprendizaje-en-las-colonias\/","title":{"rendered":"Educaci\u00f3n y aprendizaje en las colonias"},"content":{"rendered":"\t\t<div data-elementor-type=\"wp-post\" data-elementor-id=\"9627\" class=\"elementor elementor-9627 elementor-9625\" data-elementor-post-type=\"post\">\n\t\t\t\t<div class=\"elementor-element elementor-element-7972028 e-flex e-con-boxed e-con e-parent\" data-id=\"7972028\" data-element_type=\"container\" data-e-type=\"container\">\n\t\t\t\t\t<div class=\"e-con-inner\">\n\t\t\t\t<div class=\"elementor-element elementor-element-382c1a1 elementor-widget elementor-widget-text-editor\" data-id=\"382c1a1\" data-element_type=\"widget\" data-e-type=\"widget\" data-widget_type=\"text-editor.default\">\n\t\t\t\t\t\t\t\t\t<h2 data-path-to-node=\"2\">Un viaje de aprendizaje emocional<\/h2><p data-path-to-node=\"3\"><span class=\"citation-1229 citation-1230 citation-1231 citation-end-1231\">Las colonias no son s\u00f3lo un espacio de diversi\u00f3n y aventuras en la naturaleza. Son una experiencia \u00fanica que ofrece a los nios y ni\u00f1as la oportunidad de crecer personalmente, desarrollar habilidades<\/span> <span class=\"citation-1229 citation-1230 citation-end-1230\">sociales y emocionales, y aprender valores importantes<\/span> <span class=\"citation-1229 citation-end-1229\">para la<\/span> vida. A trav\u00e9s de la convivencia en un entorno natural y la experimentaci\u00f3n de actividades nuevas, los participantes de las colonias se enfrentan a <b data-path-to-node=\"3\" data-index-in-node=\"390\">retos y situaciones<\/b> que les permiten descubrirse a s\u00ed mismos, gestionar sus emociones y construir relaciones significativas con sus compa\u00f1eros. <\/p><div class=\"source-inline-chip-container ng-star-inserted\"> <\/div><p data-path-to-node=\"4\">Sigue leyendo para descubrir el aprendizaje integral que se alcanza en las colonias, y todos los valores que florecen en la naturaleza durante una estancia.<\/p><h3 data-path-to-node=\"5\">Un espacio para el aprendizaje integral<\/h3><p data-path-to-node=\"6\">Las colonias son una valiosa experiencia educativa que puede aportar beneficios significativos al desarrollo integral de los ni\u00f1os. \u00bfQu\u00e9 tipo de aprendizajes podemos esperar de unas colonias en la naturaleza? <\/p><ul data-path-to-node=\"7\"><li><p data-path-to-node=\"7,0,0\"><b data-path-to-node=\"7,0,0\" data-index-in-node=\"0\">Aprendizaje experiencial:<\/b> Las colonias van m\u00e1s all\u00e1 de los libros y aulas tradicionales. En una casa de colonias, los ni\u00f1os aprenden a trav\u00e9s de la vivencia directa, la interacci\u00f3n con su entorno y la participaci\u00f3n activa en las actividades. Los conocimientos se interiorizan de forma m\u00e1s profunda y significativa, ya que los vinculan a experiencias personales y emocionales.  <\/p><\/li><li><p data-path-to-node=\"7,1,0\"><b data-path-to-node=\"7,1,0\" data-index-in-node=\"0\">Desarrollo de la creatividad y la imaginaci\u00f3n:<\/b> El entorno natural y las actividades propuestas estimulan la creatividad de los ni\u00f1os. Jugar al aire libre, explorar la naturaleza e inventar historias les permite desarrollar su divergente pensamiento y su capacidad para encontrar soluciones creativas a los problemas. <\/p><\/li><li><p data-path-to-node=\"7,2,0\"><b data-path-to-node=\"7,2,0\" data-index-in-node=\"0\">Conocimiento de talentos y habilidades:<\/b> Las colonias ofrecen a los ni\u00f1os y ni\u00f1as la oportunidad de descubrir talentos que quiz\u00e1s no sab\u00edan que ten\u00edan. Participar en actividades de m\u00fasica, arte, deportes o aventura les permite explorar sus pasiones y puntos fuertes. <\/p><\/li><li><p data-path-to-node=\"7,3,0\"><b data-path-to-node=\"7,3,0\" data-index-in-node=\"0\">Gesti\u00f3n de las emociones:<\/b> Los ni\u00f1os se enfrentan a situaciones nuevas que les pueden generar miedo, frustraci\u00f3n, tristeza o alegr\u00eda. Con el apoyo de los monitores y la reflexi\u00f3n sobre las vivencias, aprenden a identificar y gestionar sus emociones de forma saludable. <\/p><\/li><li><p data-path-to-node=\"7,4,0\"><b data-path-to-node=\"7,4,0\" data-index-in-node=\"0\">Resoluci\u00f3n de conflictos:<\/b> La convivencia en grupo puede generar roces. En las colonias, aprenden a resolver conflictos de forma pac\u00edfica a trav\u00e9s del di\u00e1logo, la negociaci\u00f3n y la comprensi\u00f3n mutua. <\/p><\/li><li><p data-path-to-node=\"7,5,0\"><b data-path-to-node=\"7,5,0\" data-index-in-node=\"0\">Educaci\u00f3n ambiental:<\/b> Son una oportunidad \u00fanica para sensibilizar sobre la protecci\u00f3n del medio ambiente. Aprenden a respetar la naturaleza, cuidar los recursos y adoptar comportamientos sostenibles. <\/p><\/li><li><p data-path-to-node=\"7,6,0\"><b data-path-to-node=\"7,6,0\" data-index-in-node=\"0\">Inclusi\u00f3n y diversidad:<\/b> Las colonias acogen a ni\u00f1os de diferentes procedencias y capacidades. Esto les permite aprender a valorar la diferencia y construir una sociedad m\u00e1s justa. <\/p><\/li><\/ul><hr data-path-to-node=\"8\"><h3 data-path-to-node=\"9\">La fuerza del trabajo en equipo<\/h3><p data-path-to-node=\"10\">Las colonias son un espacio ideal para conocer gente nueva y forjar amistades basadas en la confianza. Marchar de colonias beneficiar\u00e1 a todos estos aspectos: <\/p><ul data-path-to-node=\"11\"><li><p data-path-to-node=\"11,0,0\"><b data-path-to-node=\"11,0,0\" data-index-in-node=\"0\">Construcci\u00f3n de v\u00ednculos duraderos:<\/b> Compartir aventuras ayuda a los ni\u00f1os a sentirse parte de un grupo ya desarrollar un sentido de pertenencia.<\/p><\/li><li><p data-path-to-node=\"11,1,0\"><b data-path-to-node=\"11,1,0\" data-index-in-node=\"0\">Cooperaci\u00f3n:<\/b> Para superar retos, los ni\u00f1os deben cooperar, trabajar en equipo y comunicarse de forma efectiva, desarrollando la empat\u00eda y la solidaridad.<\/p><\/li><\/ul><p data-path-to-node=\"12\">Adem\u00e1s, las colonias contribuyen a:<\/p><ol start=\"1\" data-path-to-node=\"13\"><li><p data-path-to-node=\"13,0,0\"><b data-path-to-node=\"13,0,0\" data-index-in-node=\"0\">Mejorar la autoestima:<\/b> En un entorno de apoyo, los ni\u00f1os se sienten valorados, lo que les ayuda a ganar confianza en s\u00ed mismos.<\/p><\/li><li><p data-path-to-node=\"13,1,0\"><b data-path-to-node=\"13,1,0\" data-index-in-node=\"0\">Desarrollar la autonom\u00eda:<\/b> Permiten a los ni\u00f1os tomar decisiones, asumir responsabilidades y ser m\u00e1s independientes, prepar\u00e1ndoles para la vida adulta.<\/p><\/li><li><p data-path-to-node=\"13,2,0\"><b data-path-to-node=\"13,2,0\" data-index-in-node=\"0\">Fomentar la curiosidad:<\/b> Las experiencias vividas despiertan las ganas de seguir explorando el mundo que les rodea.<\/p><\/li><\/ol><p data-path-to-node=\"14\">En resumen, las colonias ofrecen un espacio \u00fanico para el aprendizaje integral. A la hora de elegir el destino, es necesario asegurarse de que tanto el equipamiento como el personal tengan experiencia y pasi\u00f3n por la educaci\u00f3n. <\/p><p data-path-to-node=\"15\">Los mejores <a class=\"ng-star-inserted\" href=\"https:\/\/estiu.eixestels.com\/es\/\" target=\"_blank\" rel=\"noopener\">campamentos de verano y casas de colonias de calidad en Catalu\u00f1a<\/a> son, sin duda, los de Eix Estels. Aqu\u00ed puedes encontrar las <a class=\"ng-star-inserted\" href=\"https:\/\/www.google.com\/search?q=https:\/\/www.eixestels.com\/opinions\" target=\"_blank\" rel=\"noopener\">rese\u00f1as m\u00e1s interesantes sobre las casas de colonias de Eix Estels<\/a> y aqu\u00ed <a class=\"ng-star-inserted\" href=\"https:\/\/www.google.com\/search?q=https:\/\/www.eixestels.com\/contacte\" target=\"_blank\" rel=\"noopener\">preguntarnos todo lo que necesites<\/a> para organizar o sumarte a nuestra oferta de esta temporada. <\/p>\t\t\t\t\t\t\t\t<\/div>\n\t\t\t\t\t<\/div>\n\t\t\t\t<\/div>\n\t\t\t\t<\/div>\n\t\t","protected":false},"excerpt":{"rendered":"<p>Un viaje de aprendizaje emocional Las colonias no son s\u00f3lo un espacio de diversi\u00f3n y aventuras en la naturaleza. Son [&hellip;]<\/p>\n","protected":false},"author":1,"featured_media":6181,"comment_status":"closed","ping_status":"closed","sticky":false,"template":"","format":"standard","meta":{"_acf_changed":false,"site-sidebar-layout":"default","site-content-layout":"","ast-site-content-layout":"default","site-content-style":"default","site-sidebar-style":"default","ast-global-header-display":"","ast-banner-title-visibility":"","ast-main-header-display":"","ast-hfb-above-header-display":"","ast-hfb-below-header-display":"","ast-hfb-mobile-header-display":"","site-post-title":"","ast-breadcrumbs-content":"","ast-featured-img":"","footer-sml-layout":"","ast-disable-related-posts":"","theme-transparent-header-meta":"","adv-header-id-meta":"","stick-header-meta":"","header-above-stick-meta":"","header-main-stick-meta":"","header-below-stick-meta":"","astra-migrate-meta-layouts":"default","ast-page-background-enabled":"default","ast-page-background-meta":{"desktop":{"background-color":"var(--ast-global-color-5)","background-image":"","background-repeat":"repeat","background-position":"center center","background-size":"auto","background-attachment":"scroll","background-type":"","background-media":"","overlay-type":"","overlay-color":"","overlay-opacity":"","overlay-gradient":""},"tablet":{"background-color":"","background-image":"","background-repeat":"repeat","background-position":"center center","background-size":"auto","background-attachment":"scroll","background-type":"","background-media":"","overlay-type":"","overlay-color":"","overlay-opacity":"","overlay-gradient":""},"mobile":{"background-color":"","background-image":"","background-repeat":"repeat","background-position":"center center","background-size":"auto","background-attachment":"scroll","background-type":"","background-media":"","overlay-type":"","overlay-color":"","overlay-opacity":"","overlay-gradient":""}},"ast-content-background-meta":{"desktop":{"background-color":"var(--ast-global-color-4)","background-image":"","background-repeat":"repeat","background-position":"center center","background-size":"auto","background-attachment":"scroll","background-type":"","background-media":"","overlay-type":"","overlay-color":"","overlay-opacity":"","overlay-gradient":""},"tablet":{"background-color":"var(--ast-global-color-4)","background-image":"","background-repeat":"repeat","background-position":"center center","background-size":"auto","background-attachment":"scroll","background-type":"","background-media":"","overlay-type":"","overlay-color":"","overlay-opacity":"","overlay-gradient":""},"mobile":{"background-color":"var(--ast-global-color-4)","background-image":"","background-repeat":"repeat","background-position":"center center","background-size":"auto","background-attachment":"scroll","background-type":"","background-media":"","overlay-type":"","overlay-color":"","overlay-opacity":"","overlay-gradient":""}},"footnotes":""},"categories":[1],"tags":[],"class_list":["post-9627","post","type-post","status-publish","format-standard","has-post-thumbnail","hentry","category-sin-categoria"],"acf":[],"yoast_head":"<!-- This site is optimized with the Yoast SEO plugin v27.4 - https:\/\/yoast.com\/product\/yoast-seo-wordpress\/ -->\n<title>Educaci\u00f3n y aprendizaje en las colonias - Eix Estels<\/title>\n<meta name=\"robots\" content=\"index, follow, max-snippet:-1, max-image-preview:large, max-video-preview:-1\" \/>\n<link rel=\"canonical\" href=\"https:\/\/estiu.eixestels.com\/es\/educacion-y-aprendizaje-en-las-colonias\/\" \/>\n<meta property=\"og:locale\" content=\"es_ES\" \/>\n<meta property=\"og:type\" content=\"article\" \/>\n<meta property=\"og:title\" content=\"Educaci\u00f3n y aprendizaje en las colonias - Eix Estels\" \/>\n<meta property=\"og:description\" content=\"Un viaje de aprendizaje emocional Las colonias no son s\u00f3lo un espacio de diversi\u00f3n y aventuras en la naturaleza. Son [&hellip;]\" \/>\n<meta property=\"og:url\" content=\"https:\/\/estiu.eixestels.com\/es\/educacion-y-aprendizaje-en-las-colonias\/\" \/>\n<meta property=\"og:site_name\" content=\"Eix Estels\" \/>\n<meta property=\"article:publisher\" content=\"https:\/\/www.facebook.com\/eix.estels\" \/>\n<meta property=\"article:published_time\" content=\"2026-04-20T10:48:49+00:00\" \/>\n<meta property=\"article:modified_time\" content=\"2026-04-20T10:51:47+00:00\" \/>\n<meta property=\"og:image\" content=\"https:\/\/estiu.eixestels.com\/wp-content\/uploads\/2025\/12\/astronomia-2.jpg\" \/>\n\t<meta property=\"og:image:width\" content=\"563\" \/>\n\t<meta property=\"og:image:height\" content=\"563\" \/>\n\t<meta property=\"og:image:type\" content=\"image\/jpeg\" \/>\n<meta name=\"author\" content=\"admin\" \/>\n<meta name=\"twitter:card\" content=\"summary_large_image\" \/>\n<meta name=\"twitter:creator\" content=\"@eixestels\" \/>\n<meta name=\"twitter:site\" content=\"@eixestels\" \/>\n<meta name=\"twitter:label1\" content=\"Escrito por\" \/>\n\t<meta name=\"twitter:data1\" content=\"admin\" \/>\n\t<meta name=\"twitter:label2\" content=\"Tiempo de lectura\" \/>\n\t<meta name=\"twitter:data2\" content=\"4 minutos\" \/>\n<script type=\"application\/ld+json\" class=\"yoast-schema-graph\">{\"@context\":\"https:\\\/\\\/schema.org\",\"@graph\":[{\"@type\":\"Article\",\"@id\":\"https:\\\/\\\/estiu.eixestels.com\\\/es\\\/educacion-y-aprendizaje-en-las-colonias\\\/#article\",\"isPartOf\":{\"@id\":\"https:\\\/\\\/estiu.eixestels.com\\\/es\\\/educacion-y-aprendizaje-en-las-colonias\\\/\"},\"author\":{\"name\":\"admin\",\"@id\":\"https:\\\/\\\/estiu.eixestels.com\\\/es\\\/#\\\/schema\\\/person\\\/4dc15615a34393253d7a92fa07ee8adc\"},\"headline\":\"Educaci\u00f3n y aprendizaje en las colonias\",\"datePublished\":\"2026-04-20T10:48:49+00:00\",\"dateModified\":\"2026-04-20T10:51:47+00:00\",\"mainEntityOfPage\":{\"@id\":\"https:\\\/\\\/estiu.eixestels.com\\\/es\\\/educacion-y-aprendizaje-en-las-colonias\\\/\"},\"wordCount\":711,\"publisher\":{\"@id\":\"https:\\\/\\\/estiu.eixestels.com\\\/es\\\/#organization\"},\"image\":{\"@id\":\"https:\\\/\\\/estiu.eixestels.com\\\/es\\\/educacion-y-aprendizaje-en-las-colonias\\\/#primaryimage\"},\"thumbnailUrl\":\"https:\\\/\\\/estiu.eixestels.com\\\/wp-content\\\/uploads\\\/2025\\\/12\\\/astronomia-2.jpg\",\"inLanguage\":\"es\"},{\"@type\":\"WebPage\",\"@id\":\"https:\\\/\\\/estiu.eixestels.com\\\/es\\\/educacion-y-aprendizaje-en-las-colonias\\\/\",\"url\":\"https:\\\/\\\/estiu.eixestels.com\\\/es\\\/educacion-y-aprendizaje-en-las-colonias\\\/\",\"name\":\"Educaci\u00f3n y aprendizaje en las colonias - Eix Estels\",\"isPartOf\":{\"@id\":\"https:\\\/\\\/estiu.eixestels.com\\\/es\\\/#website\"},\"primaryImageOfPage\":{\"@id\":\"https:\\\/\\\/estiu.eixestels.com\\\/es\\\/educacion-y-aprendizaje-en-las-colonias\\\/#primaryimage\"},\"image\":{\"@id\":\"https:\\\/\\\/estiu.eixestels.com\\\/es\\\/educacion-y-aprendizaje-en-las-colonias\\\/#primaryimage\"},\"thumbnailUrl\":\"https:\\\/\\\/estiu.eixestels.com\\\/wp-content\\\/uploads\\\/2025\\\/12\\\/astronomia-2.jpg\",\"datePublished\":\"2026-04-20T10:48:49+00:00\",\"dateModified\":\"2026-04-20T10:51:47+00:00\",\"breadcrumb\":{\"@id\":\"https:\\\/\\\/estiu.eixestels.com\\\/es\\\/educacion-y-aprendizaje-en-las-colonias\\\/#breadcrumb\"},\"inLanguage\":\"es\",\"potentialAction\":[{\"@type\":\"ReadAction\",\"target\":[\"https:\\\/\\\/estiu.eixestels.com\\\/es\\\/educacion-y-aprendizaje-en-las-colonias\\\/\"]}]},{\"@type\":\"ImageObject\",\"inLanguage\":\"es\",\"@id\":\"https:\\\/\\\/estiu.eixestels.com\\\/es\\\/educacion-y-aprendizaje-en-las-colonias\\\/#primaryimage\",\"url\":\"https:\\\/\\\/estiu.eixestels.com\\\/wp-content\\\/uploads\\\/2025\\\/12\\\/astronomia-2.jpg\",\"contentUrl\":\"https:\\\/\\\/estiu.eixestels.com\\\/wp-content\\\/uploads\\\/2025\\\/12\\\/astronomia-2.jpg\",\"width\":563,\"height\":563},{\"@type\":\"BreadcrumbList\",\"@id\":\"https:\\\/\\\/estiu.eixestels.com\\\/es\\\/educacion-y-aprendizaje-en-las-colonias\\\/#breadcrumb\",\"itemListElement\":[{\"@type\":\"ListItem\",\"position\":1,\"name\":\"Inici\",\"item\":\"https:\\\/\\\/estiu.eixestels.com\\\/es\\\/\"},{\"@type\":\"ListItem\",\"position\":2,\"name\":\"Educaci\u00f3n y aprendizaje en las colonias\"}]},{\"@type\":\"WebSite\",\"@id\":\"https:\\\/\\\/estiu.eixestels.com\\\/es\\\/#website\",\"url\":\"https:\\\/\\\/estiu.eixestels.com\\\/es\\\/\",\"name\":\"Eix Estels\",\"description\":\"\",\"publisher\":{\"@id\":\"https:\\\/\\\/estiu.eixestels.com\\\/es\\\/#organization\"},\"potentialAction\":[{\"@type\":\"SearchAction\",\"target\":{\"@type\":\"EntryPoint\",\"urlTemplate\":\"https:\\\/\\\/estiu.eixestels.com\\\/es\\\/?s={search_term_string}\"},\"query-input\":{\"@type\":\"PropertyValueSpecification\",\"valueRequired\":true,\"valueName\":\"search_term_string\"}}],\"inLanguage\":\"es\"},{\"@type\":\"Organization\",\"@id\":\"https:\\\/\\\/estiu.eixestels.com\\\/es\\\/#organization\",\"name\":\"Eix Estels\",\"url\":\"https:\\\/\\\/estiu.eixestels.com\\\/es\\\/\",\"logo\":{\"@type\":\"ImageObject\",\"inLanguage\":\"es\",\"@id\":\"https:\\\/\\\/estiu.eixestels.com\\\/es\\\/#\\\/schema\\\/logo\\\/image\\\/\",\"url\":\"https:\\\/\\\/estiu.eixestels.com\\\/wp-content\\\/uploads\\\/2025\\\/10\\\/Ee-Eixestels.png\",\"contentUrl\":\"https:\\\/\\\/estiu.eixestels.com\\\/wp-content\\\/uploads\\\/2025\\\/10\\\/Ee-Eixestels.png\",\"width\":1000,\"height\":776,\"caption\":\"Eix Estels\"},\"image\":{\"@id\":\"https:\\\/\\\/estiu.eixestels.com\\\/es\\\/#\\\/schema\\\/logo\\\/image\\\/\"},\"sameAs\":[\"https:\\\/\\\/www.facebook.com\\\/eix.estels\",\"https:\\\/\\\/x.com\\\/eixestels\",\"https:\\\/\\\/www.youtube.com\\\/user\\\/EixEstels\",\"https:\\\/\\\/www.instagram.com\\\/eix_estels\\\/\",\"https:\\\/\\\/www.linkedin.com\\\/company\\\/eix-estels\\\/?originalSubdomain=es\"]},{\"@type\":\"Person\",\"@id\":\"https:\\\/\\\/estiu.eixestels.com\\\/es\\\/#\\\/schema\\\/person\\\/4dc15615a34393253d7a92fa07ee8adc\",\"name\":\"admin\",\"image\":{\"@type\":\"ImageObject\",\"inLanguage\":\"es\",\"@id\":\"https:\\\/\\\/secure.gravatar.com\\\/avatar\\\/3365c9737dfa6ee38b26d8e3c9b04ce4dec028e7ae9c284c5f9b21959140e95b?s=96&d=mm&r=g\",\"url\":\"https:\\\/\\\/secure.gravatar.com\\\/avatar\\\/3365c9737dfa6ee38b26d8e3c9b04ce4dec028e7ae9c284c5f9b21959140e95b?s=96&d=mm&r=g\",\"contentUrl\":\"https:\\\/\\\/secure.gravatar.com\\\/avatar\\\/3365c9737dfa6ee38b26d8e3c9b04ce4dec028e7ae9c284c5f9b21959140e95b?s=96&d=mm&r=g\",\"caption\":\"admin\"},\"sameAs\":[\"https:\\\/\\\/estiu.eixestels.com\"],\"url\":\"https:\\\/\\\/estiu.eixestels.com\\\/es\\\/author\\\/eixestels\\\/\"}]}<\/script>\n<!-- \/ Yoast SEO plugin. -->","yoast_head_json":{"title":"Educaci\u00f3n y aprendizaje en las colonias - Eix Estels","robots":{"index":"index","follow":"follow","max-snippet":"max-snippet:-1","max-image-preview":"max-image-preview:large","max-video-preview":"max-video-preview:-1"},"canonical":"https:\/\/estiu.eixestels.com\/es\/educacion-y-aprendizaje-en-las-colonias\/","og_locale":"es_ES","og_type":"article","og_title":"Educaci\u00f3n y aprendizaje en las colonias - Eix Estels","og_description":"Un viaje de aprendizaje emocional Las colonias no son s\u00f3lo un espacio de diversi\u00f3n y aventuras en la naturaleza. Son [&hellip;]","og_url":"https:\/\/estiu.eixestels.com\/es\/educacion-y-aprendizaje-en-las-colonias\/","og_site_name":"Eix Estels","article_publisher":"https:\/\/www.facebook.com\/eix.estels","article_published_time":"2026-04-20T10:48:49+00:00","article_modified_time":"2026-04-20T10:51:47+00:00","og_image":[{"width":563,"height":563,"url":"https:\/\/estiu.eixestels.com\/wp-content\/uploads\/2025\/12\/astronomia-2.jpg","type":"image\/jpeg"}],"author":"admin","twitter_card":"summary_large_image","twitter_creator":"@eixestels","twitter_site":"@eixestels","twitter_misc":{"Escrito por":"admin","Tiempo de lectura":"4 minutos"},"schema":{"@context":"https:\/\/schema.org","@graph":[{"@type":"Article","@id":"https:\/\/estiu.eixestels.com\/es\/educacion-y-aprendizaje-en-las-colonias\/#article","isPartOf":{"@id":"https:\/\/estiu.eixestels.com\/es\/educacion-y-aprendizaje-en-las-colonias\/"},"author":{"name":"admin","@id":"https:\/\/estiu.eixestels.com\/es\/#\/schema\/person\/4dc15615a34393253d7a92fa07ee8adc"},"headline":"Educaci\u00f3n y aprendizaje en las colonias","datePublished":"2026-04-20T10:48:49+00:00","dateModified":"2026-04-20T10:51:47+00:00","mainEntityOfPage":{"@id":"https:\/\/estiu.eixestels.com\/es\/educacion-y-aprendizaje-en-las-colonias\/"},"wordCount":711,"publisher":{"@id":"https:\/\/estiu.eixestels.com\/es\/#organization"},"image":{"@id":"https:\/\/estiu.eixestels.com\/es\/educacion-y-aprendizaje-en-las-colonias\/#primaryimage"},"thumbnailUrl":"https:\/\/estiu.eixestels.com\/wp-content\/uploads\/2025\/12\/astronomia-2.jpg","inLanguage":"es"},{"@type":"WebPage","@id":"https:\/\/estiu.eixestels.com\/es\/educacion-y-aprendizaje-en-las-colonias\/","url":"https:\/\/estiu.eixestels.com\/es\/educacion-y-aprendizaje-en-las-colonias\/","name":"Educaci\u00f3n y aprendizaje en las colonias - Eix Estels","isPartOf":{"@id":"https:\/\/estiu.eixestels.com\/es\/#website"},"primaryImageOfPage":{"@id":"https:\/\/estiu.eixestels.com\/es\/educacion-y-aprendizaje-en-las-colonias\/#primaryimage"},"image":{"@id":"https:\/\/estiu.eixestels.com\/es\/educacion-y-aprendizaje-en-las-colonias\/#primaryimage"},"thumbnailUrl":"https:\/\/estiu.eixestels.com\/wp-content\/uploads\/2025\/12\/astronomia-2.jpg","datePublished":"2026-04-20T10:48:49+00:00","dateModified":"2026-04-20T10:51:47+00:00","breadcrumb":{"@id":"https:\/\/estiu.eixestels.com\/es\/educacion-y-aprendizaje-en-las-colonias\/#breadcrumb"},"inLanguage":"es","potentialAction":[{"@type":"ReadAction","target":["https:\/\/estiu.eixestels.com\/es\/educacion-y-aprendizaje-en-las-colonias\/"]}]},{"@type":"ImageObject","inLanguage":"es","@id":"https:\/\/estiu.eixestels.com\/es\/educacion-y-aprendizaje-en-las-colonias\/#primaryimage","url":"https:\/\/estiu.eixestels.com\/wp-content\/uploads\/2025\/12\/astronomia-2.jpg","contentUrl":"https:\/\/estiu.eixestels.com\/wp-content\/uploads\/2025\/12\/astronomia-2.jpg","width":563,"height":563},{"@type":"BreadcrumbList","@id":"https:\/\/estiu.eixestels.com\/es\/educacion-y-aprendizaje-en-las-colonias\/#breadcrumb","itemListElement":[{"@type":"ListItem","position":1,"name":"Inici","item":"https:\/\/estiu.eixestels.com\/es\/"},{"@type":"ListItem","position":2,"name":"Educaci\u00f3n y aprendizaje en las colonias"}]},{"@type":"WebSite","@id":"https:\/\/estiu.eixestels.com\/es\/#website","url":"https:\/\/estiu.eixestels.com\/es\/","name":"Eix Estels","description":"","publisher":{"@id":"https:\/\/estiu.eixestels.com\/es\/#organization"},"potentialAction":[{"@type":"SearchAction","target":{"@type":"EntryPoint","urlTemplate":"https:\/\/estiu.eixestels.com\/es\/?s={search_term_string}"},"query-input":{"@type":"PropertyValueSpecification","valueRequired":true,"valueName":"search_term_string"}}],"inLanguage":"es"},{"@type":"Organization","@id":"https:\/\/estiu.eixestels.com\/es\/#organization","name":"Eix Estels","url":"https:\/\/estiu.eixestels.com\/es\/","logo":{"@type":"ImageObject","inLanguage":"es","@id":"https:\/\/estiu.eixestels.com\/es\/#\/schema\/logo\/image\/","url":"https:\/\/estiu.eixestels.com\/wp-content\/uploads\/2025\/10\/Ee-Eixestels.png","contentUrl":"https:\/\/estiu.eixestels.com\/wp-content\/uploads\/2025\/10\/Ee-Eixestels.png","width":1000,"height":776,"caption":"Eix Estels"},"image":{"@id":"https:\/\/estiu.eixestels.com\/es\/#\/schema\/logo\/image\/"},"sameAs":["https:\/\/www.facebook.com\/eix.estels","https:\/\/x.com\/eixestels","https:\/\/www.youtube.com\/user\/EixEstels","https:\/\/www.instagram.com\/eix_estels\/","https:\/\/www.linkedin.com\/company\/eix-estels\/?originalSubdomain=es"]},{"@type":"Person","@id":"https:\/\/estiu.eixestels.com\/es\/#\/schema\/person\/4dc15615a34393253d7a92fa07ee8adc","name":"admin","image":{"@type":"ImageObject","inLanguage":"es","@id":"https:\/\/secure.gravatar.com\/avatar\/3365c9737dfa6ee38b26d8e3c9b04ce4dec028e7ae9c284c5f9b21959140e95b?s=96&d=mm&r=g","url":"https:\/\/secure.gravatar.com\/avatar\/3365c9737dfa6ee38b26d8e3c9b04ce4dec028e7ae9c284c5f9b21959140e95b?s=96&d=mm&r=g","contentUrl":"https:\/\/secure.gravatar.com\/avatar\/3365c9737dfa6ee38b26d8e3c9b04ce4dec028e7ae9c284c5f9b21959140e95b?s=96&d=mm&r=g","caption":"admin"},"sameAs":["https:\/\/estiu.eixestels.com"],"url":"https:\/\/estiu.eixestels.com\/es\/author\/eixestels\/"}]}},"_links":{"self":[{"href":"https:\/\/estiu.eixestels.com\/es\/wp-json\/wp\/v2\/posts\/9627","targetHints":{"allow":["GET"]}}],"collection":[{"href":"https:\/\/estiu.eixestels.com\/es\/wp-json\/wp\/v2\/posts"}],"about":[{"href":"https:\/\/estiu.eixestels.com\/es\/wp-json\/wp\/v2\/types\/post"}],"author":[{"embeddable":true,"href":"https:\/\/estiu.eixestels.com\/es\/wp-json\/wp\/v2\/users\/1"}],"replies":[{"embeddable":true,"href":"https:\/\/estiu.eixestels.com\/es\/wp-json\/wp\/v2\/comments?post=9627"}],"version-history":[{"count":3,"href":"https:\/\/estiu.eixestels.com\/es\/wp-json\/wp\/v2\/posts\/9627\/revisions"}],"predecessor-version":[{"id":9636,"href":"https:\/\/estiu.eixestels.com\/es\/wp-json\/wp\/v2\/posts\/9627\/revisions\/9636"}],"wp:featuredmedia":[{"embeddable":true,"href":"https:\/\/estiu.eixestels.com\/es\/wp-json\/wp\/v2\/media\/6181"}],"wp:attachment":[{"href":"https:\/\/estiu.eixestels.com\/es\/wp-json\/wp\/v2\/media?parent=9627"}],"wp:term":[{"taxonomy":"category","embeddable":true,"href":"https:\/\/estiu.eixestels.com\/es\/wp-json\/wp\/v2\/categories?post=9627"},{"taxonomy":"post_tag","embeddable":true,"href":"https:\/\/estiu.eixestels.com\/es\/wp-json\/wp\/v2\/tags?post=9627"}],"curies":[{"name":"wp","href":"https:\/\/api.w.org\/{rel}","templated":true}]}}