{"id":9618,"date":"2026-04-20T10:41:55","date_gmt":"2026-04-20T10:41:55","guid":{"rendered":"https:\/\/estiu.eixestels.com\/colonias-de-verano-la-aventura-empieza-antes-de-salir-de-casa\/"},"modified":"2026-04-20T10:43:16","modified_gmt":"2026-04-20T10:43:16","slug":"colonias-de-verano-la-aventura-empieza-antes-de-salir-de-casa","status":"publish","type":"post","link":"https:\/\/estiu.eixestels.com\/es\/colonias-de-verano-la-aventura-empieza-antes-de-salir-de-casa\/","title":{"rendered":"Colonias de verano: \u00a1La aventura empieza antes de salir de casa!"},"content":{"rendered":"\t\t<div data-elementor-type=\"wp-post\" data-elementor-id=\"9618\" class=\"elementor elementor-9618 elementor-9616\" data-elementor-post-type=\"post\">\n\t\t\t\t<div class=\"elementor-element elementor-element-68f06fd e-flex e-con-boxed e-con e-parent\" data-id=\"68f06fd\" data-element_type=\"container\" data-e-type=\"container\">\n\t\t\t\t\t<div class=\"e-con-inner\">\n\t\t\t\t<div class=\"elementor-element elementor-element-25ab438 elementor-widget elementor-widget-text-editor\" data-id=\"25ab438\" data-element_type=\"widget\" data-e-type=\"widget\" data-widget_type=\"text-editor.default\">\n\t\t\t\t\t\t\t\t\t<h2 data-path-to-node=\"2\">Colonias de verano: \u00a1La aventura empieza antes de salir de casa!<\/h2><p data-path-to-node=\"3\">Cuando se acercan las colonias de verano, la ilusi\u00f3n, los nervios y la incertidumbre tambi\u00e9n <span class=\"citation-998 citation-999 citation-1000 citation-1001 citation-end-1001\">suelen aflorar, especialmente en los ni\u00f1os m\u00e1s peque\u00f1os o en los que deben vivir sus primeras colonias. Antes de embarcarse en esta experiencia inolvidable, hay algunos preparativos importantes que hay que hacer para asegurar que<\/span> <span class=\"citation-998 citation-999 citation-1000 citation-end-1000\">todo salga a la perfecci\u00f3n.<\/span><\/p><div class=\"source-inline-chip-container ng-star-inserted\"> <\/div><p data-path-to-node=\"4\"><span class=\"citation-995 citation-996 citation-997 citation-end-997\">Sigue<\/span> <span class=\"citation-995 citation-996 citation-end-996\">leyendo porque hoy te hablamos de los consejos<\/span> <span class=\"citation-995 citation-end-995\">b\u00e1sicos para preparar las colonias:<\/span><\/p><div class=\"source-inline-chip-container ng-star-inserted\"> <\/div><ul data-path-to-node=\"5\"><li><p data-path-to-node=\"5,0,0\">La elecci\u00f3n de las colonias<\/p><\/li><li><p data-path-to-node=\"5,1,0\">\u00bfColonias en solitario, o con el grupo?<\/p><\/li><li><p data-path-to-node=\"5,2,0\">Consejos para preparar las colonias<\/p><\/li><\/ul><h3 data-path-to-node=\"6\">La elecci\u00f3n de las colonias: preparando una aventura inolvidable<\/h3><p data-path-to-node=\"7\"><span class=\"citation-992 citation-993 citation-994 citation-end-994\">Una de las primeras decisiones que surge es si los ni\u00f1os deben participar en la elecci\u00f3n de las colonias, o si esta tarea recae en los adultos. La respuesta no es tan simple como s\u00ed o no. Por un lado, dejar<\/span> <span class=\"citation-992 citation-993\">que los ni\u00f1os elijan puede ser una buena manera de fomentar su<\/span> <b data-path-to-node=\"7\" data-index-in-node=\"281\"><span class=\"citation-992 citation-993\">autonom\u00eda y responsabilidad<\/span><\/b> <span class=\"citation-992 citation-993 citation-end-993\">. Por otra parte, los adultos tienen una visi\u00f3n<\/span> <span class=\"citation-992 citation-end-992\">m\u00e1s global de las necesidades e intereses de sus hijos,<\/span> pudiendo asegurarse de que eligen una opci\u00f3n adecuada a su edad, madurez y gustos.<\/p><div class=\"source-inline-chip-container ng-star-inserted\"> <\/div><h3 data-path-to-node=\"8\">\u00bfColonias en solitario, o con el grupo de amigos?<\/h3><p data-path-to-node=\"9\"><span class=\"citation-990 citation-991 citation-end-991\">Otra duda que a menudo surge es si es mejor que los ni\u00f1os vayan a las colonias con amigos ya conocidos o si es preferible que hagan nuevas amistades. En este caso, tampoco existe una respuesta \u00fanica que sirva para todos. Todo depende del car\u00e1cter y preferencias de los ni\u00f1os. Algunos<\/span> <span class=\"citation-990 citation-end-990\">ni\u00f1os se sienten m\u00e1s seguros y c\u00f3modos si van acompa\u00f1ados de amigos, mientras que otros prefieren la diversi\u00f3n y la adrenalina<\/span> de conocer gente nueva.<\/p><div class=\"source-inline-chip-container ng-star-inserted\"> <\/div><p data-path-to-node=\"10\">Esta elecci\u00f3n puede dejarse en manos de los ni\u00f1os o puede ser una decisi\u00f3n de los adultos de la familia, si consideran que es necesario para romper alguna relaci\u00f3n t\u00f3xica o para reforzar algunos aspectos del ni\u00f1o en cuanto a las relaciones sociales.<\/p><p data-path-to-node=\"11\">Hay que tener en cuenta que las colonias de verano no son s\u00f3lo sin\u00f3nimo de diversi\u00f3n y juegos al aire libre, o una oportunidad para aprender idiomas o una habilidad concreta. Adem\u00e1s de pasarlo bien, los ni\u00f1os aprenden <b data-path-to-node=\"11\" data-index-in-node=\"210\">importantes valores<\/b> como la independencia, el trabajo en equipo, el respeto por la naturaleza y la convivencia con otras personas. Adem\u00e1s, desarrollan habilidades sociales y emocionales que les ser\u00e1n \u00fatiles a lo largo de su vida.  <\/p><hr data-path-to-node=\"12\"><h3 data-path-to-node=\"13\">Consejos para preparar las colonias de verano<\/h3><p data-path-to-node=\"14\">Para que los preparativos de las colonias sean una experiencia positiva para toda la familia, aqu\u00ed tiene algunos consejos:<\/p><ul data-path-to-node=\"15\"><li><p data-path-to-node=\"15,0,0\"><b data-path-to-node=\"15,0,0\" data-index-in-node=\"0\">Empiece a planificar con antelaci\u00f3n:<\/b> Consulte las fechas disponibles, los precios y las actividades que ofrecen las diferentes colonias.<\/p><\/li><li><p data-path-to-node=\"15,1,0\"><b data-path-to-node=\"15,1,0\" data-index-in-node=\"0\">Hable con su hijo o hija:<\/b> Escuche sus preferencias e inquietudes, y elija una opci\u00f3n que se adapte a su personalidad.<\/p><\/li><li><p data-path-to-node=\"15,2,0\"><b data-path-to-node=\"15,2,0\" data-index-in-node=\"0\">Prepare la mochila con cuidado:<\/b> Aseg\u00farese de que no le falte nada, incluyendo ropa c\u00f3moda, protecci\u00f3n solar, repelente de mosquitos y medicamentos, si los necesita. Es importante que los ni\u00f1os participen en la preparaci\u00f3n de la mochila y sean conscientes de las cosas que llevan y donde las guarde. <\/p><\/li><li><p data-path-to-node=\"15,3,0\"><b data-path-to-node=\"15,3,0\" data-index-in-node=\"0\">Resuelva las dudas <span class=\"citation-988 citation-989\">con antelaci\u00f3n:<\/span><\/b> <span class=\"citation-988 citation-989 citation-end-989\">P\u00f3ngase en contacto con los responsables de las colonias para aclarar cualquier duda que pueda tener. Y aproveche momentos relajados en familia para sacar el tema y asegurar que el ni\u00f1o tambi\u00e9n pueda resolver sus dudas sobre los d\u00edas y noches que pasar\u00e1 fuera, qu\u00e9 tipo de actividades realizar\u00e1<\/span> <span class=\"citation-988 citation-end-988\">, etc.<\/span><\/p><div class=\"source-inline-chip-container ng-star-inserted\"> <\/div><\/li><li><p data-path-to-node=\"15,4,0\"><b data-path-to-node=\"15,4,0\" data-index-in-node=\"0\">Gestionar las dificultades personales:<\/b> Si el ni\u00f1o tiene alguna dificultad concreta, como por ejemplo un problema de enuresis nocturna, hable. Busque herramientas para hacer que se sienta c\u00f3modo, tanto si quiere compartir esta dificultad con la monitorizaci\u00f3n y los compa\u00f1eros, como si quiere gestionar este tema de forma aut\u00f3noma. <\/p><\/li><li><p data-path-to-node=\"15,5,0\"><b data-path-to-node=\"15,5,0\" data-index-in-node=\"0\">Una vez llegue el d\u00eda, desp\u00eddese con optimismo <span class=\"citation-986 citation-987\">y alegr\u00eda:<\/span><\/b> <span class=\"citation-986 citation-987 citation-end-987\">Anime a su hijo o hija a disfrutar al m\u00e1ximo de la experiencia de las colonias y transmita su confianza.<\/span><\/p><div class=\"source-inline-chip-container ng-star-inserted\"> <\/div><\/li><\/ul><p data-path-to-node=\"16\"><span class=\"citation-984 citation-985 citation-end-985\">Y recuerda: las colonias de verano son una experiencia \u00fanica e inolvidable que los ni\u00f1os guardar\u00e1n para siempre en su memoria.<\/span> \u00a1 <span class=\"citation-984 citation-985 citation-end-985\">Desde<\/span> <span class=\"citation-984 citation-end-984\">la noche que pasaron sin dormir por miedo a un fantasma del bosque hasta la vez que ganaron la gran batalla de pistolas de<\/span> agua!<\/p><div class=\"source-inline-chip-container ng-star-inserted\"> <\/div>\t\t\t\t\t\t\t\t<\/div>\n\t\t\t\t\t<\/div>\n\t\t\t\t<\/div>\n\t\t\t\t<\/div>\n\t\t","protected":false},"excerpt":{"rendered":"<p>Colonias de verano: \u00a1La aventura empieza antes de salir de casa! Cuando se acercan las colonias de verano, la ilusi\u00f3n, [&hellip;]<\/p>\n","protected":false},"author":1,"featured_media":9619,"comment_status":"closed","ping_status":"closed","sticky":false,"template":"","format":"standard","meta":{"_acf_changed":false,"site-sidebar-layout":"default","site-content-layout":"","ast-site-content-layout":"default","site-content-style":"default","site-sidebar-style":"default","ast-global-header-display":"","ast-banner-title-visibility":"","ast-main-header-display":"","ast-hfb-above-header-display":"","ast-hfb-below-header-display":"","ast-hfb-mobile-header-display":"","site-post-title":"","ast-breadcrumbs-content":"","ast-featured-img":"","footer-sml-layout":"","ast-disable-related-posts":"","theme-transparent-header-meta":"","adv-header-id-meta":"","stick-header-meta":"","header-above-stick-meta":"","header-main-stick-meta":"","header-below-stick-meta":"","astra-migrate-meta-layouts":"default","ast-page-background-enabled":"default","ast-page-background-meta":{"desktop":{"background-color":"var(--ast-global-color-5)","background-image":"","background-repeat":"repeat","background-position":"center center","background-size":"auto","background-attachment":"scroll","background-type":"","background-media":"","overlay-type":"","overlay-color":"","overlay-opacity":"","overlay-gradient":""},"tablet":{"background-color":"","background-image":"","background-repeat":"repeat","background-position":"center center","background-size":"auto","background-attachment":"scroll","background-type":"","background-media":"","overlay-type":"","overlay-color":"","overlay-opacity":"","overlay-gradient":""},"mobile":{"background-color":"","background-image":"","background-repeat":"repeat","background-position":"center center","background-size":"auto","background-attachment":"scroll","background-type":"","background-media":"","overlay-type":"","overlay-color":"","overlay-opacity":"","overlay-gradient":""}},"ast-content-background-meta":{"desktop":{"background-color":"var(--ast-global-color-4)","background-image":"","background-repeat":"repeat","background-position":"center center","background-size":"auto","background-attachment":"scroll","background-type":"","background-media":"","overlay-type":"","overlay-color":"","overlay-opacity":"","overlay-gradient":""},"tablet":{"background-color":"var(--ast-global-color-4)","background-image":"","background-repeat":"repeat","background-position":"center center","background-size":"auto","background-attachment":"scroll","background-type":"","background-media":"","overlay-type":"","overlay-color":"","overlay-opacity":"","overlay-gradient":""},"mobile":{"background-color":"var(--ast-global-color-4)","background-image":"","background-repeat":"repeat","background-position":"center center","background-size":"auto","background-attachment":"scroll","background-type":"","background-media":"","overlay-type":"","overlay-color":"","overlay-opacity":"","overlay-gradient":""}},"footnotes":""},"categories":[1],"tags":[],"class_list":["post-9618","post","type-post","status-publish","format-standard","has-post-thumbnail","hentry","category-sin-categoria"],"acf":[],"yoast_head":"<!-- This site is optimized with the Yoast SEO plugin v27.4 - https:\/\/yoast.com\/product\/yoast-seo-wordpress\/ -->\n<title>Colonias de verano: \u00a1La aventura empieza antes de salir de casa! - Eix Estels<\/title>\n<meta name=\"robots\" content=\"index, follow, max-snippet:-1, max-image-preview:large, max-video-preview:-1\" \/>\n<link rel=\"canonical\" href=\"https:\/\/estiu.eixestels.com\/es\/colonias-de-verano-la-aventura-empieza-antes-de-salir-de-casa\/\" \/>\n<meta property=\"og:locale\" content=\"es_ES\" \/>\n<meta property=\"og:type\" content=\"article\" \/>\n<meta property=\"og:title\" content=\"Colonias de verano: \u00a1La aventura empieza antes de salir de casa! - Eix Estels\" \/>\n<meta property=\"og:description\" content=\"Colonias de verano: \u00a1La aventura empieza antes de salir de casa! Cuando se acercan las colonias de verano, la ilusi\u00f3n, [&hellip;]\" \/>\n<meta property=\"og:url\" content=\"https:\/\/estiu.eixestels.com\/es\/colonias-de-verano-la-aventura-empieza-antes-de-salir-de-casa\/\" \/>\n<meta property=\"og:site_name\" content=\"Eix Estels\" \/>\n<meta property=\"article:publisher\" content=\"https:\/\/www.facebook.com\/eix.estels\" \/>\n<meta property=\"article:published_time\" content=\"2026-04-20T10:41:55+00:00\" \/>\n<meta property=\"article:modified_time\" content=\"2026-04-20T10:43:16+00:00\" \/>\n<meta property=\"og:image\" content=\"https:\/\/estiu.eixestels.com\/wp-content\/uploads\/2026\/01\/estiu-eix-estels-colonies-18.jpg\" \/>\n\t<meta property=\"og:image:width\" content=\"625\" \/>\n\t<meta property=\"og:image:height\" content=\"625\" \/>\n\t<meta property=\"og:image:type\" content=\"image\/jpeg\" \/>\n<meta name=\"author\" content=\"admin\" \/>\n<meta name=\"twitter:card\" content=\"summary_large_image\" \/>\n<meta name=\"twitter:creator\" content=\"@eixestels\" \/>\n<meta name=\"twitter:site\" content=\"@eixestels\" \/>\n<meta name=\"twitter:label1\" content=\"Escrito por\" \/>\n\t<meta name=\"twitter:data1\" content=\"admin\" \/>\n\t<meta name=\"twitter:label2\" content=\"Tiempo de lectura\" \/>\n\t<meta name=\"twitter:data2\" content=\"4 minutos\" \/>\n<script type=\"application\/ld+json\" class=\"yoast-schema-graph\">{\"@context\":\"https:\\\/\\\/schema.org\",\"@graph\":[{\"@type\":\"Article\",\"@id\":\"https:\\\/\\\/estiu.eixestels.com\\\/es\\\/colonias-de-verano-la-aventura-empieza-antes-de-salir-de-casa\\\/#article\",\"isPartOf\":{\"@id\":\"https:\\\/\\\/estiu.eixestels.com\\\/es\\\/colonias-de-verano-la-aventura-empieza-antes-de-salir-de-casa\\\/\"},\"author\":{\"name\":\"admin\",\"@id\":\"https:\\\/\\\/estiu.eixestels.com\\\/es\\\/#\\\/schema\\\/person\\\/4dc15615a34393253d7a92fa07ee8adc\"},\"headline\":\"Colonias de verano: \u00a1La aventura empieza antes de salir de casa!\",\"datePublished\":\"2026-04-20T10:41:55+00:00\",\"dateModified\":\"2026-04-20T10:43:16+00:00\",\"mainEntityOfPage\":{\"@id\":\"https:\\\/\\\/estiu.eixestels.com\\\/es\\\/colonias-de-verano-la-aventura-empieza-antes-de-salir-de-casa\\\/\"},\"wordCount\":763,\"publisher\":{\"@id\":\"https:\\\/\\\/estiu.eixestels.com\\\/es\\\/#organization\"},\"image\":{\"@id\":\"https:\\\/\\\/estiu.eixestels.com\\\/es\\\/colonias-de-verano-la-aventura-empieza-antes-de-salir-de-casa\\\/#primaryimage\"},\"thumbnailUrl\":\"https:\\\/\\\/estiu.eixestels.com\\\/wp-content\\\/uploads\\\/2026\\\/01\\\/estiu-eix-estels-colonies-18.jpg\",\"inLanguage\":\"es\"},{\"@type\":\"WebPage\",\"@id\":\"https:\\\/\\\/estiu.eixestels.com\\\/es\\\/colonias-de-verano-la-aventura-empieza-antes-de-salir-de-casa\\\/\",\"url\":\"https:\\\/\\\/estiu.eixestels.com\\\/es\\\/colonias-de-verano-la-aventura-empieza-antes-de-salir-de-casa\\\/\",\"name\":\"Colonias de verano: \u00a1La aventura empieza antes de salir de casa! - Eix Estels\",\"isPartOf\":{\"@id\":\"https:\\\/\\\/estiu.eixestels.com\\\/es\\\/#website\"},\"primaryImageOfPage\":{\"@id\":\"https:\\\/\\\/estiu.eixestels.com\\\/es\\\/colonias-de-verano-la-aventura-empieza-antes-de-salir-de-casa\\\/#primaryimage\"},\"image\":{\"@id\":\"https:\\\/\\\/estiu.eixestels.com\\\/es\\\/colonias-de-verano-la-aventura-empieza-antes-de-salir-de-casa\\\/#primaryimage\"},\"thumbnailUrl\":\"https:\\\/\\\/estiu.eixestels.com\\\/wp-content\\\/uploads\\\/2026\\\/01\\\/estiu-eix-estels-colonies-18.jpg\",\"datePublished\":\"2026-04-20T10:41:55+00:00\",\"dateModified\":\"2026-04-20T10:43:16+00:00\",\"breadcrumb\":{\"@id\":\"https:\\\/\\\/estiu.eixestels.com\\\/es\\\/colonias-de-verano-la-aventura-empieza-antes-de-salir-de-casa\\\/#breadcrumb\"},\"inLanguage\":\"es\",\"potentialAction\":[{\"@type\":\"ReadAction\",\"target\":[\"https:\\\/\\\/estiu.eixestels.com\\\/es\\\/colonias-de-verano-la-aventura-empieza-antes-de-salir-de-casa\\\/\"]}]},{\"@type\":\"ImageObject\",\"inLanguage\":\"es\",\"@id\":\"https:\\\/\\\/estiu.eixestels.com\\\/es\\\/colonias-de-verano-la-aventura-empieza-antes-de-salir-de-casa\\\/#primaryimage\",\"url\":\"https:\\\/\\\/estiu.eixestels.com\\\/wp-content\\\/uploads\\\/2026\\\/01\\\/estiu-eix-estels-colonies-18.jpg\",\"contentUrl\":\"https:\\\/\\\/estiu.eixestels.com\\\/wp-content\\\/uploads\\\/2026\\\/01\\\/estiu-eix-estels-colonies-18.jpg\",\"width\":625,\"height\":625},{\"@type\":\"BreadcrumbList\",\"@id\":\"https:\\\/\\\/estiu.eixestels.com\\\/es\\\/colonias-de-verano-la-aventura-empieza-antes-de-salir-de-casa\\\/#breadcrumb\",\"itemListElement\":[{\"@type\":\"ListItem\",\"position\":1,\"name\":\"Inici\",\"item\":\"https:\\\/\\\/estiu.eixestels.com\\\/es\\\/\"},{\"@type\":\"ListItem\",\"position\":2,\"name\":\"Colonias de verano: \u00a1La aventura empieza antes de salir de casa!\"}]},{\"@type\":\"WebSite\",\"@id\":\"https:\\\/\\\/estiu.eixestels.com\\\/es\\\/#website\",\"url\":\"https:\\\/\\\/estiu.eixestels.com\\\/es\\\/\",\"name\":\"Eix Estels\",\"description\":\"\",\"publisher\":{\"@id\":\"https:\\\/\\\/estiu.eixestels.com\\\/es\\\/#organization\"},\"potentialAction\":[{\"@type\":\"SearchAction\",\"target\":{\"@type\":\"EntryPoint\",\"urlTemplate\":\"https:\\\/\\\/estiu.eixestels.com\\\/es\\\/?s={search_term_string}\"},\"query-input\":{\"@type\":\"PropertyValueSpecification\",\"valueRequired\":true,\"valueName\":\"search_term_string\"}}],\"inLanguage\":\"es\"},{\"@type\":\"Organization\",\"@id\":\"https:\\\/\\\/estiu.eixestels.com\\\/es\\\/#organization\",\"name\":\"Eix Estels\",\"url\":\"https:\\\/\\\/estiu.eixestels.com\\\/es\\\/\",\"logo\":{\"@type\":\"ImageObject\",\"inLanguage\":\"es\",\"@id\":\"https:\\\/\\\/estiu.eixestels.com\\\/es\\\/#\\\/schema\\\/logo\\\/image\\\/\",\"url\":\"https:\\\/\\\/estiu.eixestels.com\\\/wp-content\\\/uploads\\\/2025\\\/10\\\/Ee-Eixestels.png\",\"contentUrl\":\"https:\\\/\\\/estiu.eixestels.com\\\/wp-content\\\/uploads\\\/2025\\\/10\\\/Ee-Eixestels.png\",\"width\":1000,\"height\":776,\"caption\":\"Eix Estels\"},\"image\":{\"@id\":\"https:\\\/\\\/estiu.eixestels.com\\\/es\\\/#\\\/schema\\\/logo\\\/image\\\/\"},\"sameAs\":[\"https:\\\/\\\/www.facebook.com\\\/eix.estels\",\"https:\\\/\\\/x.com\\\/eixestels\",\"https:\\\/\\\/www.youtube.com\\\/user\\\/EixEstels\",\"https:\\\/\\\/www.instagram.com\\\/eix_estels\\\/\",\"https:\\\/\\\/www.linkedin.com\\\/company\\\/eix-estels\\\/?originalSubdomain=es\"]},{\"@type\":\"Person\",\"@id\":\"https:\\\/\\\/estiu.eixestels.com\\\/es\\\/#\\\/schema\\\/person\\\/4dc15615a34393253d7a92fa07ee8adc\",\"name\":\"admin\",\"image\":{\"@type\":\"ImageObject\",\"inLanguage\":\"es\",\"@id\":\"https:\\\/\\\/secure.gravatar.com\\\/avatar\\\/3365c9737dfa6ee38b26d8e3c9b04ce4dec028e7ae9c284c5f9b21959140e95b?s=96&d=mm&r=g\",\"url\":\"https:\\\/\\\/secure.gravatar.com\\\/avatar\\\/3365c9737dfa6ee38b26d8e3c9b04ce4dec028e7ae9c284c5f9b21959140e95b?s=96&d=mm&r=g\",\"contentUrl\":\"https:\\\/\\\/secure.gravatar.com\\\/avatar\\\/3365c9737dfa6ee38b26d8e3c9b04ce4dec028e7ae9c284c5f9b21959140e95b?s=96&d=mm&r=g\",\"caption\":\"admin\"},\"sameAs\":[\"https:\\\/\\\/estiu.eixestels.com\"],\"url\":\"https:\\\/\\\/estiu.eixestels.com\\\/es\\\/author\\\/eixestels\\\/\"}]}<\/script>\n<!-- \/ Yoast SEO plugin. -->","yoast_head_json":{"title":"Colonias de verano: \u00a1La aventura empieza antes de salir de casa! - Eix Estels","robots":{"index":"index","follow":"follow","max-snippet":"max-snippet:-1","max-image-preview":"max-image-preview:large","max-video-preview":"max-video-preview:-1"},"canonical":"https:\/\/estiu.eixestels.com\/es\/colonias-de-verano-la-aventura-empieza-antes-de-salir-de-casa\/","og_locale":"es_ES","og_type":"article","og_title":"Colonias de verano: \u00a1La aventura empieza antes de salir de casa! - Eix Estels","og_description":"Colonias de verano: \u00a1La aventura empieza antes de salir de casa! Cuando se acercan las colonias de verano, la ilusi\u00f3n, [&hellip;]","og_url":"https:\/\/estiu.eixestels.com\/es\/colonias-de-verano-la-aventura-empieza-antes-de-salir-de-casa\/","og_site_name":"Eix Estels","article_publisher":"https:\/\/www.facebook.com\/eix.estels","article_published_time":"2026-04-20T10:41:55+00:00","article_modified_time":"2026-04-20T10:43:16+00:00","og_image":[{"width":625,"height":625,"url":"https:\/\/estiu.eixestels.com\/wp-content\/uploads\/2026\/01\/estiu-eix-estels-colonies-18.jpg","type":"image\/jpeg"}],"author":"admin","twitter_card":"summary_large_image","twitter_creator":"@eixestels","twitter_site":"@eixestels","twitter_misc":{"Escrito por":"admin","Tiempo de lectura":"4 minutos"},"schema":{"@context":"https:\/\/schema.org","@graph":[{"@type":"Article","@id":"https:\/\/estiu.eixestels.com\/es\/colonias-de-verano-la-aventura-empieza-antes-de-salir-de-casa\/#article","isPartOf":{"@id":"https:\/\/estiu.eixestels.com\/es\/colonias-de-verano-la-aventura-empieza-antes-de-salir-de-casa\/"},"author":{"name":"admin","@id":"https:\/\/estiu.eixestels.com\/es\/#\/schema\/person\/4dc15615a34393253d7a92fa07ee8adc"},"headline":"Colonias de verano: \u00a1La aventura empieza antes de salir de casa!","datePublished":"2026-04-20T10:41:55+00:00","dateModified":"2026-04-20T10:43:16+00:00","mainEntityOfPage":{"@id":"https:\/\/estiu.eixestels.com\/es\/colonias-de-verano-la-aventura-empieza-antes-de-salir-de-casa\/"},"wordCount":763,"publisher":{"@id":"https:\/\/estiu.eixestels.com\/es\/#organization"},"image":{"@id":"https:\/\/estiu.eixestels.com\/es\/colonias-de-verano-la-aventura-empieza-antes-de-salir-de-casa\/#primaryimage"},"thumbnailUrl":"https:\/\/estiu.eixestels.com\/wp-content\/uploads\/2026\/01\/estiu-eix-estels-colonies-18.jpg","inLanguage":"es"},{"@type":"WebPage","@id":"https:\/\/estiu.eixestels.com\/es\/colonias-de-verano-la-aventura-empieza-antes-de-salir-de-casa\/","url":"https:\/\/estiu.eixestels.com\/es\/colonias-de-verano-la-aventura-empieza-antes-de-salir-de-casa\/","name":"Colonias de verano: \u00a1La aventura empieza antes de salir de casa! - Eix Estels","isPartOf":{"@id":"https:\/\/estiu.eixestels.com\/es\/#website"},"primaryImageOfPage":{"@id":"https:\/\/estiu.eixestels.com\/es\/colonias-de-verano-la-aventura-empieza-antes-de-salir-de-casa\/#primaryimage"},"image":{"@id":"https:\/\/estiu.eixestels.com\/es\/colonias-de-verano-la-aventura-empieza-antes-de-salir-de-casa\/#primaryimage"},"thumbnailUrl":"https:\/\/estiu.eixestels.com\/wp-content\/uploads\/2026\/01\/estiu-eix-estels-colonies-18.jpg","datePublished":"2026-04-20T10:41:55+00:00","dateModified":"2026-04-20T10:43:16+00:00","breadcrumb":{"@id":"https:\/\/estiu.eixestels.com\/es\/colonias-de-verano-la-aventura-empieza-antes-de-salir-de-casa\/#breadcrumb"},"inLanguage":"es","potentialAction":[{"@type":"ReadAction","target":["https:\/\/estiu.eixestels.com\/es\/colonias-de-verano-la-aventura-empieza-antes-de-salir-de-casa\/"]}]},{"@type":"ImageObject","inLanguage":"es","@id":"https:\/\/estiu.eixestels.com\/es\/colonias-de-verano-la-aventura-empieza-antes-de-salir-de-casa\/#primaryimage","url":"https:\/\/estiu.eixestels.com\/wp-content\/uploads\/2026\/01\/estiu-eix-estels-colonies-18.jpg","contentUrl":"https:\/\/estiu.eixestels.com\/wp-content\/uploads\/2026\/01\/estiu-eix-estels-colonies-18.jpg","width":625,"height":625},{"@type":"BreadcrumbList","@id":"https:\/\/estiu.eixestels.com\/es\/colonias-de-verano-la-aventura-empieza-antes-de-salir-de-casa\/#breadcrumb","itemListElement":[{"@type":"ListItem","position":1,"name":"Inici","item":"https:\/\/estiu.eixestels.com\/es\/"},{"@type":"ListItem","position":2,"name":"Colonias de verano: \u00a1La aventura empieza antes de salir de casa!"}]},{"@type":"WebSite","@id":"https:\/\/estiu.eixestels.com\/es\/#website","url":"https:\/\/estiu.eixestels.com\/es\/","name":"Eix Estels","description":"","publisher":{"@id":"https:\/\/estiu.eixestels.com\/es\/#organization"},"potentialAction":[{"@type":"SearchAction","target":{"@type":"EntryPoint","urlTemplate":"https:\/\/estiu.eixestels.com\/es\/?s={search_term_string}"},"query-input":{"@type":"PropertyValueSpecification","valueRequired":true,"valueName":"search_term_string"}}],"inLanguage":"es"},{"@type":"Organization","@id":"https:\/\/estiu.eixestels.com\/es\/#organization","name":"Eix Estels","url":"https:\/\/estiu.eixestels.com\/es\/","logo":{"@type":"ImageObject","inLanguage":"es","@id":"https:\/\/estiu.eixestels.com\/es\/#\/schema\/logo\/image\/","url":"https:\/\/estiu.eixestels.com\/wp-content\/uploads\/2025\/10\/Ee-Eixestels.png","contentUrl":"https:\/\/estiu.eixestels.com\/wp-content\/uploads\/2025\/10\/Ee-Eixestels.png","width":1000,"height":776,"caption":"Eix Estels"},"image":{"@id":"https:\/\/estiu.eixestels.com\/es\/#\/schema\/logo\/image\/"},"sameAs":["https:\/\/www.facebook.com\/eix.estels","https:\/\/x.com\/eixestels","https:\/\/www.youtube.com\/user\/EixEstels","https:\/\/www.instagram.com\/eix_estels\/","https:\/\/www.linkedin.com\/company\/eix-estels\/?originalSubdomain=es"]},{"@type":"Person","@id":"https:\/\/estiu.eixestels.com\/es\/#\/schema\/person\/4dc15615a34393253d7a92fa07ee8adc","name":"admin","image":{"@type":"ImageObject","inLanguage":"es","@id":"https:\/\/secure.gravatar.com\/avatar\/3365c9737dfa6ee38b26d8e3c9b04ce4dec028e7ae9c284c5f9b21959140e95b?s=96&d=mm&r=g","url":"https:\/\/secure.gravatar.com\/avatar\/3365c9737dfa6ee38b26d8e3c9b04ce4dec028e7ae9c284c5f9b21959140e95b?s=96&d=mm&r=g","contentUrl":"https:\/\/secure.gravatar.com\/avatar\/3365c9737dfa6ee38b26d8e3c9b04ce4dec028e7ae9c284c5f9b21959140e95b?s=96&d=mm&r=g","caption":"admin"},"sameAs":["https:\/\/estiu.eixestels.com"],"url":"https:\/\/estiu.eixestels.com\/es\/author\/eixestels\/"}]}},"_links":{"self":[{"href":"https:\/\/estiu.eixestels.com\/es\/wp-json\/wp\/v2\/posts\/9618","targetHints":{"allow":["GET"]}}],"collection":[{"href":"https:\/\/estiu.eixestels.com\/es\/wp-json\/wp\/v2\/posts"}],"about":[{"href":"https:\/\/estiu.eixestels.com\/es\/wp-json\/wp\/v2\/types\/post"}],"author":[{"embeddable":true,"href":"https:\/\/estiu.eixestels.com\/es\/wp-json\/wp\/v2\/users\/1"}],"replies":[{"embeddable":true,"href":"https:\/\/estiu.eixestels.com\/es\/wp-json\/wp\/v2\/comments?post=9618"}],"version-history":[{"count":2,"href":"https:\/\/estiu.eixestels.com\/es\/wp-json\/wp\/v2\/posts\/9618\/revisions"}],"predecessor-version":[{"id":9624,"href":"https:\/\/estiu.eixestels.com\/es\/wp-json\/wp\/v2\/posts\/9618\/revisions\/9624"}],"wp:featuredmedia":[{"embeddable":true,"href":"https:\/\/estiu.eixestels.com\/es\/wp-json\/wp\/v2\/media\/9619"}],"wp:attachment":[{"href":"https:\/\/estiu.eixestels.com\/es\/wp-json\/wp\/v2\/media?parent=9618"}],"wp:term":[{"taxonomy":"category","embeddable":true,"href":"https:\/\/estiu.eixestels.com\/es\/wp-json\/wp\/v2\/categories?post=9618"},{"taxonomy":"post_tag","embeddable":true,"href":"https:\/\/estiu.eixestels.com\/es\/wp-json\/wp\/v2\/tags?post=9618"}],"curies":[{"name":"wp","href":"https:\/\/api.w.org\/{rel}","templated":true}]}}